{"id":4482,"date":"2023-12-22T09:51:10","date_gmt":"2023-12-22T09:51:10","guid":{"rendered":"https:\/\/francefinance.info\/?p=4482"},"modified":"2023-12-22T09:51:12","modified_gmt":"2023-12-22T09:51:12","slug":"la-republique-tcheque-donne-son-feu-vert-a-lacquisition-de-24-avions-de-chasse-f-35-americains","status":"publish","type":"post","link":"https:\/\/francefinance.info\/?p=4482","title":{"rendered":"La R\u00e9publique tch\u00e8que donne son feu vert \u00e0 l&#8217;acquisition de 24 avions de chasse F-35 am\u00e9ricains."},"content":{"rendered":"\n<p>La R\u00e9publique tch\u00e8que a consid\u00e9rablement renforc\u00e9 ses capacit\u00e9s de d\u00e9fense a\u00e9rienne en approuvant la proposition du minist\u00e8re de la D\u00e9fense d&#8217;acheter deux douzaines d&#8217;avions de chasse F-35 aupr\u00e8s des \u00c9tats-Unis, une transaction \u00e9valu\u00e9e \u00e0 environ 150 milliards de couronnes tch\u00e8ques (6,5 milliards de dollars).<\/p>\n\n\n\n<p>Insistant sur l&#8217;importance de cette acquisition, le Premier ministre Petr Fiala a soulign\u00e9 que ces F-35 seraient cruciaux pour fa\u00e7onner l&#8217;avenir de leurs forces a\u00e9riennes tactiques pendant de nombreuses d\u00e9cennies. Il a soulign\u00e9 que cette acquisition souligne l&#8217;engagement de la R\u00e9publique tch\u00e8que en mati\u00e8re de d\u00e9fense, assurant aux alli\u00e9s de l&#8217;engagement et de la fiabilit\u00e9 de la nation.<\/p>\n\n\n\n<p>Selon Fiala, le premier avion de cette acquisition devrait arriver en 2031, et les 24 appareils seront op\u00e9rationnels d&#8217;ici 2035. Ces avions fabriqu\u00e9s aux \u00c9tats-Unis sont destin\u00e9s \u00e0 remplacer l&#8217;actuelle flotte de 14 avions JAS-39 Gripen, d&#8217;origine su\u00e9doise, actuellement en service dans l&#8217;arm\u00e9e tch\u00e8que.<\/p>\n\n\n\n<p>La majeure partie des fonds, pr\u00e8s de 5 milliards de dollars, sera vers\u00e9e aux \u00c9tats-Unis, couvrant les co\u00fbts li\u00e9s aux avions, \u00e0 la formation des pilotes, aux munitions et \u00e0 d&#8217;autres d\u00e9penses connexes, comme l&#8217;a expliqu\u00e9 la ministre de la D\u00e9fense, Jana Cernochova. Le reste est allou\u00e9 \u00e0 l&#8217;am\u00e9lioration de l&#8217;infrastructure de la base a\u00e9rienne de Caslav, situ\u00e9e au c\u0153ur de la R\u00e9publique tch\u00e8que, ainsi qu&#8217;au carburant et \u00e0 la formation du personnel.<\/p>\n\n\n\n<p>Soulignant l&#8217;importance strat\u00e9gique de ces avions, le lieutenant-g\u00e9n\u00e9ral Karel Rehka, chef d&#8217;\u00e9tat-major, a d\u00e9clar\u00e9 que les F-35 renforceraient les capacit\u00e9s de d\u00e9fense de la nation, lui permettant de contrer efficacement les menaces en collaboration avec ses alli\u00e9s.<\/p>\n\n\n\n<p>Cette transaction avec les \u00c9tats-Unis fait suite \u00e0 environ un an de n\u00e9gociations, dans un contexte d&#8217;agression de la Russie en Ukraine. De plus, elle s&#8217;inscrit dans le cadre des r\u00e9cents efforts de modernisation militaire du gouvernement tch\u00e8que, qui a d\u00e9cid\u00e9 en mai d&#8217;acqu\u00e9rir 246 v\u00e9hicules de combat blind\u00e9s CV90 aupr\u00e8s de la Su\u00e8de, dans le contexte du conflit russo-ukrainien en cours.<\/p>\n\n\n\n<p>Dans l&#8217;\u00e9volution des dynamiques de s\u00e9curit\u00e9 europ\u00e9enne, la d\u00e9cision de la R\u00e9publique tch\u00e8que d&#8217;investir dans des F-35 aupr\u00e8s des \u00c9tats-Unis, combin\u00e9e \u00e0 ses pr\u00e9c\u00e9dents efforts de modernisation militaire, souligne l&#8217;engagement de la nation \u00e0 renforcer ses d\u00e9fenses. Alors que les tensions g\u00e9opolitiques mondiales s&#8217;intensifient, notamment en Europe de l&#8217;Est, de telles initiatives renforcent la s\u00e9curit\u00e9 nationale et envoient un message fort sur l&#8217;engagement du pays \u00e0 garantir la paix et la stabilit\u00e9 dans la r\u00e9gion.<\/p>\n","protected":false},"excerpt":{"rendered":"<p>La R\u00e9publique tch\u00e8que a consid\u00e9rablement renforc\u00e9 ses capacit\u00e9s de d\u00e9fense a\u00e9rienne en approuvant la proposition du minist\u00e8re de la D\u00e9fense d&#8217;acheter deux douzaines d&#8217;avions de chasse F-35 aupr\u00e8s des \u00c9tats-Unis, une transaction \u00e9valu\u00e9e \u00e0 environ 150 milliards de couronnes tch\u00e8ques (6,5 milliards de dollars). Insistant sur l&#8217;importance de cette acquisition, le Premier ministre Petr Fiala&#8230;<\/p>\n","protected":false},"author":2,"featured_media":4483,"comment_status":"open","ping_status":"closed","sticky":false,"template":"","format":"standard","meta":{"footnotes":""},"categories":[39],"tags":[],"class_list":["post-4482","post","type-post","status-publish","format-standard","has-post-thumbnail","hentry","category-politique"],"_links":{"self":[{"href":"https:\/\/francefinance.info\/index.php?rest_route=\/wp\/v2\/posts\/4482","targetHints":{"allow":["GET"]}}],"collection":[{"href":"https:\/\/francefinance.info\/index.php?rest_route=\/wp\/v2\/posts"}],"about":[{"href":"https:\/\/francefinance.info\/index.php?rest_route=\/wp\/v2\/types\/post"}],"author":[{"embeddable":true,"href":"https:\/\/francefinance.info\/index.php?rest_route=\/wp\/v2\/users\/2"}],"replies":[{"embeddable":true,"href":"https:\/\/francefinance.info\/index.php?rest_route=%2Fwp%2Fv2%2Fcomments&post=4482"}],"version-history":[{"count":1,"href":"https:\/\/francefinance.info\/index.php?rest_route=\/wp\/v2\/posts\/4482\/revisions"}],"predecessor-version":[{"id":4484,"href":"https:\/\/francefinance.info\/index.php?rest_route=\/wp\/v2\/posts\/4482\/revisions\/4484"}],"wp:featuredmedia":[{"embeddable":true,"href":"https:\/\/francefinance.info\/index.php?rest_route=\/wp\/v2\/media\/4483"}],"wp:attachment":[{"href":"https:\/\/francefinance.info\/index.php?rest_route=%2Fwp%2Fv2%2Fmedia&parent=4482"}],"wp:term":[{"taxonomy":"category","embeddable":true,"href":"https:\/\/francefinance.info\/index.php?rest_route=%2Fwp%2Fv2%2Fcategories&post=4482"},{"taxonomy":"post_tag","embeddable":true,"href":"https:\/\/francefinance.info\/index.php?rest_route=%2Fwp%2Fv2%2Ftags&post=4482"}],"curies":[{"name":"wp","href":"https:\/\/api.w.org\/{rel}","templated":true}]}}