{"id":4858,"date":"2025-12-02T18:16:23","date_gmt":"2025-12-02T18:16:23","guid":{"rendered":"https:\/\/francefinance.info\/?p=4858"},"modified":"2025-12-02T18:16:24","modified_gmt":"2025-12-02T18:16:24","slug":"lex-president-hondurien-juan-orlando-hernandez-libere-dune-prison-americaine-apres-une-grace-accordee-par-trump","status":"publish","type":"post","link":"https:\/\/francefinance.info\/?p=4858","title":{"rendered":"L\u2019ex-pr\u00e9sident hondurien Juan Orlando Hern\u00e1ndez lib\u00e9r\u00e9 d\u2019une prison am\u00e9ricaine apr\u00e8s une gr\u00e2ce accord\u00e9e par Trump"},"content":{"rendered":"\n<figure class=\"wp-block-image size-large\"><img fetchpriority=\"high\" decoding=\"async\" width=\"1024\" height=\"575\" src=\"https:\/\/francefinance.info\/wp-content\/uploads\/2025\/12\/9c05bda0-cf84-11f0-9de2-29260ccbfaf5.jpg-1024x575.webp\" alt=\"\" class=\"wp-image-4860\" srcset=\"https:\/\/francefinance.info\/wp-content\/uploads\/2025\/12\/9c05bda0-cf84-11f0-9de2-29260ccbfaf5.jpg-1024x575.webp 1024w, https:\/\/francefinance.info\/wp-content\/uploads\/2025\/12\/9c05bda0-cf84-11f0-9de2-29260ccbfaf5.jpg-300x169.webp 300w, https:\/\/francefinance.info\/wp-content\/uploads\/2025\/12\/9c05bda0-cf84-11f0-9de2-29260ccbfaf5.jpg-768x432.webp 768w, https:\/\/francefinance.info\/wp-content\/uploads\/2025\/12\/9c05bda0-cf84-11f0-9de2-29260ccbfaf5.jpg.webp 1536w\" sizes=\"(max-width: 1024px) 100vw, 1024px\" \/><\/figure>\n\n\n\n<p>Juan Orlando Hern\u00e1ndez, l\u2019ancien pr\u00e9sident du Honduras, a \u00e9t\u00e9 lib\u00e9r\u00e9 d\u2019une prison am\u00e9ricaine, selon les registres en ligne des d\u00e9tenus f\u00e9d\u00e9raux, apr\u00e8s avoir re\u00e7u une gr\u00e2ce du pr\u00e9sident am\u00e9ricain Donald Trump pour des accusations li\u00e9es au trafic de drogue.<\/p>\n\n\n\n<p>Les registres indiquent qu\u2019Hern\u00e1ndez a \u00e9t\u00e9 lib\u00e9r\u00e9 lundi du centre p\u00e9nitentiaire de haute s\u00e9curit\u00e9 USP Hazelton, en Virginie-Occidentale.<\/p>\n\n\n\n<p>Hern\u00e1ndez avait \u00e9t\u00e9 reconnu coupable en mars 2024 de complot en vue d\u2019importer de la coca\u00efne aux \u00c9tats-Unis et de possession de mitrailleuses. Il avait \u00e9t\u00e9 condamn\u00e9 \u00e0 45 ans de prison.<\/p>\n\n\n\n<p>Le pr\u00e9sident am\u00e9ricain a d\u00e9clar\u00e9 qu\u2019Hern\u00e1ndez avait \u00e9t\u00e9 \u00ab trait\u00e9 tr\u00e8s durement et injustement \u00bb dans un message publi\u00e9 sur les r\u00e9seaux sociaux vendredi pour annoncer la mesure.<\/p>\n\n\n\n<p>Dans un message publi\u00e9 mardi sur ses r\u00e9seaux sociaux, l\u2019\u00e9pouse d\u2019Hern\u00e1ndez, Ana Garc\u00eda de Hern\u00e1ndez, a remerci\u00e9 Trump pour la gr\u00e2ce, affirmant que son mari \u00e9tait d\u00e9sormais un homme libre.<\/p>\n\n\n\n<p>Hern\u00e1ndez, membre du Parti national du Honduras, a \u00e9t\u00e9 pr\u00e9sident du pays de 2014 \u00e0 2022. Il avait \u00e9t\u00e9 extrad\u00e9 vers les \u00c9tats-Unis en avril 2022 pour \u00eatre jug\u00e9 pour avoir dirig\u00e9 un r\u00e9seau violent de trafic de drogue et avoir aid\u00e9 \u00e0 faire passer des centaines de tonnes de coca\u00efne vers les \u00c9tats-Unis.<\/p>\n\n\n\n<p>Lors de son proc\u00e8s, les procureurs de New York ont affirm\u00e9 qu\u2019Hern\u00e1ndez dirigeait le pays d\u2019Am\u00e9rique centrale comme un \u00ab narco-\u00c9tat \u00bb et qu\u2019il avait accept\u00e9 des millions de dollars en pots-de-vin de trafiquants de drogue pour les prot\u00e9ger de la loi.<\/p>\n\n\n\n<p>Il a \u00e9galement \u00e9t\u00e9 condamn\u00e9 \u00e0 payer une amende de 8 millions de dollars (6 millions de livres sterling) dans le cadre de sa peine.<\/p>\n\n\n\n<p>Trump a expliqu\u00e9 les raisons de sa d\u00e9cision de le gracier lors d\u2019un \u00e9change avec des journalistes \u00e0 bord d\u2019Air Force One dimanche.<\/p>\n\n\n\n<p>Il a affirm\u00e9 que l\u2019enqu\u00eate visant Hern\u00e1ndez \u00e9tait un \u00ab coup mont\u00e9 par l\u2019administration Biden \u00bb, en r\u00e9f\u00e9rence \u00e0 son pr\u00e9d\u00e9cesseur \u00e0 la Maison-Blanche.<\/p>\n\n\n\n<p>\u00ab Ils ont essentiellement dit qu\u2019il \u00e9tait trafiquant de drogue parce qu\u2019il \u00e9tait le pr\u00e9sident du pays \u00bb, a d\u00e9clar\u00e9 Trump.<\/p>\n\n\n\n<p>La lib\u00e9ration d\u2019Hern\u00e1ndez intervient alors que le Honduras est plong\u00e9 dans une \u00ab \u00e9galit\u00e9 technique \u00bb lors de l\u2019\u00e9lection d\u2019un nouveau pr\u00e9sident.<\/p>\n\n\n\n<p>Lundi apr\u00e8s-midi, seulement 515 voix s\u00e9paraient le candidat de droite Nasry Asfura de son plus proche rival, Salvador Nasralla, un ancien animateur de t\u00e9l\u00e9vision se pr\u00e9sentant pour un parti centriste.<\/p>\n\n\n\n<p>Trump a critiqu\u00e9 Nasralla vendredi, le qualifiant de \u00ab quasi-communiste \u00bb.<\/p>\n\n\n\n<p>Il a d\u00e9crit Asfura comme \u00ab d\u00e9fendant la d\u00e9mocratie \u00bb et l\u2019a f\u00e9licit\u00e9 pour sa campagne contre le pr\u00e9sident v\u00e9n\u00e9zu\u00e9lien Nicol\u00e1s Maduro, avec lequel Trump s\u2019est livr\u00e9 \u00e0 une guerre verbale ces derniers mois.<\/p>\n\n\n\n<p>Nasralla, pour sa part, a promis de rompre les liens avec le Venezuela s\u2019il est \u00e9lu.<\/p>\n\n\n\n<p>L\u2019administration Trump accuse le dirigeant de gauche Maduro \u2014 dont la r\u00e9\u00e9lection l\u2019an dernier a \u00e9t\u00e9 jug\u00e9e ill\u00e9gitime par de nombreux pays \u2014 d\u2019\u00eatre \u00e0 la t\u00eate d\u2019un cartel de drogue.<\/p>\n\n\n\n<p>Elle affirme que ses efforts pour lutter contre le trafic de drogue justifient un renforcement militaire dans les Cara\u00efbes. L\u2019administration a \u00e9galement men\u00e9 des frappes contre des navires qu\u2019elle affirme \u00eatre utilis\u00e9s pour la contrebande \u2014 bien que certains analystes aient d\u00e9crit ces actions comme un moyen de faire pression sur les dirigeants latino-am\u00e9ricains.<\/p>\n\n\n\n<p>Le Honduras est dirig\u00e9 depuis 2022 par la pr\u00e9sidente Xiomara Castro, qui a nou\u00e9 des liens \u00e9troits avec Cuba et le Venezuela.<\/p>\n","protected":false},"excerpt":{"rendered":"<p>Juan Orlando Hern\u00e1ndez, l\u2019ancien pr\u00e9sident du Honduras, a \u00e9t\u00e9 lib\u00e9r\u00e9 d\u2019une prison am\u00e9ricaine, selon les registres en ligne des d\u00e9tenus f\u00e9d\u00e9raux, apr\u00e8s avoir re\u00e7u une gr\u00e2ce du pr\u00e9sident am\u00e9ricain Donald Trump pour des accusations li\u00e9es au trafic de drogue. Les registres indiquent qu\u2019Hern\u00e1ndez a \u00e9t\u00e9 lib\u00e9r\u00e9 lundi du centre p\u00e9nitentiaire de haute s\u00e9curit\u00e9 USP Hazelton,&#8230;<\/p>\n","protected":false},"author":2,"featured_media":0,"comment_status":"closed","ping_status":"closed","sticky":false,"template":"","format":"standard","meta":{"footnotes":""},"categories":[36,39],"tags":[],"class_list":["post-4858","post","type-post","status-publish","format-standard","hentry","category-monde","category-politique"],"_links":{"self":[{"href":"https:\/\/francefinance.info\/index.php?rest_route=\/wp\/v2\/posts\/4858","targetHints":{"allow":["GET"]}}],"collection":[{"href":"https:\/\/francefinance.info\/index.php?rest_route=\/wp\/v2\/posts"}],"about":[{"href":"https:\/\/francefinance.info\/index.php?rest_route=\/wp\/v2\/types\/post"}],"author":[{"embeddable":true,"href":"https:\/\/francefinance.info\/index.php?rest_route=\/wp\/v2\/users\/2"}],"replies":[{"embeddable":true,"href":"https:\/\/francefinance.info\/index.php?rest_route=%2Fwp%2Fv2%2Fcomments&post=4858"}],"version-history":[{"count":1,"href":"https:\/\/francefinance.info\/index.php?rest_route=\/wp\/v2\/posts\/4858\/revisions"}],"predecessor-version":[{"id":4861,"href":"https:\/\/francefinance.info\/index.php?rest_route=\/wp\/v2\/posts\/4858\/revisions\/4861"}],"wp:attachment":[{"href":"https:\/\/francefinance.info\/index.php?rest_route=%2Fwp%2Fv2%2Fmedia&parent=4858"}],"wp:term":[{"taxonomy":"category","embeddable":true,"href":"https:\/\/francefinance.info\/index.php?rest_route=%2Fwp%2Fv2%2Fcategories&post=4858"},{"taxonomy":"post_tag","embeddable":true,"href":"https:\/\/francefinance.info\/index.php?rest_route=%2Fwp%2Fv2%2Ftags&post=4858"}],"curies":[{"name":"wp","href":"https:\/\/api.w.org\/{rel}","templated":true}]}}