{"id":4891,"date":"2025-12-15T16:23:42","date_gmt":"2025-12-15T16:23:42","guid":{"rendered":"https:\/\/francefinance.info\/?p=4891"},"modified":"2025-12-15T16:23:43","modified_gmt":"2025-12-15T16:23:43","slug":"le-japon-fait-face-a-un-recul-economique-alors-que-les-exportations-flechissent","status":"publish","type":"post","link":"https:\/\/francefinance.info\/?p=4891","title":{"rendered":"Le Japon fait face \u00e0 un recul \u00e9conomique alors que les exportations fl\u00e9chissent"},"content":{"rendered":"\n<figure class=\"wp-block-image size-large\"><img fetchpriority=\"high\" decoding=\"async\" width=\"1024\" height=\"637\" src=\"https:\/\/francefinance.info\/wp-content\/uploads\/2025\/12\/shutterstock_2600323123-1024x637.jpg\" alt=\"\" class=\"wp-image-4892\" srcset=\"https:\/\/francefinance.info\/wp-content\/uploads\/2025\/12\/shutterstock_2600323123-1024x637.jpg 1024w, https:\/\/francefinance.info\/wp-content\/uploads\/2025\/12\/shutterstock_2600323123-300x187.jpg 300w, https:\/\/francefinance.info\/wp-content\/uploads\/2025\/12\/shutterstock_2600323123-768x478.jpg 768w, https:\/\/francefinance.info\/wp-content\/uploads\/2025\/12\/shutterstock_2600323123-1536x956.jpg 1536w, https:\/\/francefinance.info\/wp-content\/uploads\/2025\/12\/shutterstock_2600323123-2048x1275.jpg 2048w\" sizes=\"(max-width: 1024px) 100vw, 1024px\" \/><\/figure>\n\n\n\n<h3 class=\"wp-block-heading\">Le PIB recule au troisi\u00e8me trimestre<\/h3>\n\n\n\n<p>L\u2019\u00e9conomie japonaise a diminu\u00e9 \u00e0 un rythme annualis\u00e9 de 2,3 % entre juillet et septembre, soit une baisse de 0,6 % par rapport au trimestre pr\u00e9c\u00e9dent. Les chiffres r\u00e9vis\u00e9s du Cabinet ont montr\u00e9 un repli plus marqu\u00e9 que pr\u00e9vu initialement, signalant une pression accrue sur la croissance.<\/p>\n\n\n\n<p>Les donn\u00e9es mises \u00e0 jour mettent en \u00e9vidence un ralentissement dans les secteurs cl\u00e9s, suscitant des inqui\u00e9tudes quant \u00e0 la capacit\u00e9 du Japon \u00e0 maintenir la stabilit\u00e9 tout en faisant face \u00e0 des d\u00e9fis externes persistants.<\/p>\n\n\n\n<h3 class=\"wp-block-heading\">Les tarifs perturbent les exportations<\/h3>\n\n\n\n<p>Les exportations ont recul\u00e9 de 1,2 % par rapport au trimestre pr\u00e9c\u00e9dent, poursuivant la pression exerc\u00e9e par les droits d\u2019importation am\u00e9ricains \u00e9lev\u00e9s au d\u00e9but de l\u2019ann\u00e9e. Bien que certaines taxes aient \u00e9t\u00e9 r\u00e9duites en septembre, les exportations automobiles restent fortement affect\u00e9es, limitant la reprise de l\u2019un des secteurs les plus importants du Japon.<\/p>\n\n\n\n<p>Les tensions commerciales ont \u00e9galement test\u00e9 les relations diplomatiques avec Washington, compliquant les efforts pour renforcer la confiance des fabricants et des investisseurs.<\/p>\n\n\n\n<h3 class=\"wp-block-heading\">Le secteur du logement ralentit sous l\u2019effet des nouvelles r\u00e9gulations<\/h3>\n\n\n\n<p>L\u2019investissement priv\u00e9 dans le r\u00e9sidentiel a chut\u00e9 de 8,2 % alors que les nouvelles r\u00e8gles du code du b\u00e2timent ont entra\u00een\u00e9 une forte baisse des mises en chantier plus t\u00f4t dans l\u2019ann\u00e9e. La faiblesse du secteur de la construction a pes\u00e9 davantage sur l\u2019activit\u00e9 \u00e9conomique, compensant les modestes am\u00e9liorations de la consommation des m\u00e9nages, qui n\u2019a progress\u00e9 que de 0,2 %.<\/p>\n\n\n\n<p>Les importations ont \u00e9galement recul\u00e9 de 0,4 %, signalant une prudence persistante des entreprises et des consommateurs face \u00e0 l\u2019incertitude.<\/p>\n\n\n\n<h3 class=\"wp-block-heading\">Contexte politique et perspectives<\/h3>\n\n\n\n<p>La nouvelle Premi\u00e8re ministre japonaise, Sanae Takaichi, a gagn\u00e9 le soutien du public gr\u00e2ce \u00e0 une position ferme sur les priorit\u00e9s nationales et des politiques visant \u00e0 revitaliser l\u2019\u00e9conomie. N\u00e9anmoins, les \u00e9conomistes avertissent que la suite d\u00e9pend fortement des conditions commerciales et d\u2019un redressement int\u00e9rieur plus solide.<\/p>\n\n\n\n<p>Alors que les d\u00e9cideurs affichent leur confiance dans un retournement, les derniers chiffres soulignent des risques significatifs si la reprise des exportations reste limit\u00e9e.<\/p>\n","protected":false},"excerpt":{"rendered":"<p>Le PIB recule au troisi\u00e8me trimestre L\u2019\u00e9conomie japonaise a diminu\u00e9 \u00e0 un rythme annualis\u00e9 de 2,3 % entre juillet et septembre, soit une baisse de 0,6 % par rapport au trimestre pr\u00e9c\u00e9dent. Les chiffres r\u00e9vis\u00e9s du Cabinet ont montr\u00e9 un repli plus marqu\u00e9 que pr\u00e9vu initialement, signalant une pression accrue sur la croissance. Les donn\u00e9es&#8230;<\/p>\n","protected":false},"author":2,"featured_media":0,"comment_status":"closed","ping_status":"closed","sticky":false,"template":"","format":"standard","meta":{"footnotes":""},"categories":[37,36],"tags":[],"class_list":["post-4891","post","type-post","status-publish","format-standard","hentry","category-marche","category-monde"],"_links":{"self":[{"href":"https:\/\/francefinance.info\/index.php?rest_route=\/wp\/v2\/posts\/4891","targetHints":{"allow":["GET"]}}],"collection":[{"href":"https:\/\/francefinance.info\/index.php?rest_route=\/wp\/v2\/posts"}],"about":[{"href":"https:\/\/francefinance.info\/index.php?rest_route=\/wp\/v2\/types\/post"}],"author":[{"embeddable":true,"href":"https:\/\/francefinance.info\/index.php?rest_route=\/wp\/v2\/users\/2"}],"replies":[{"embeddable":true,"href":"https:\/\/francefinance.info\/index.php?rest_route=%2Fwp%2Fv2%2Fcomments&post=4891"}],"version-history":[{"count":1,"href":"https:\/\/francefinance.info\/index.php?rest_route=\/wp\/v2\/posts\/4891\/revisions"}],"predecessor-version":[{"id":4893,"href":"https:\/\/francefinance.info\/index.php?rest_route=\/wp\/v2\/posts\/4891\/revisions\/4893"}],"wp:attachment":[{"href":"https:\/\/francefinance.info\/index.php?rest_route=%2Fwp%2Fv2%2Fmedia&parent=4891"}],"wp:term":[{"taxonomy":"category","embeddable":true,"href":"https:\/\/francefinance.info\/index.php?rest_route=%2Fwp%2Fv2%2Fcategories&post=4891"},{"taxonomy":"post_tag","embeddable":true,"href":"https:\/\/francefinance.info\/index.php?rest_route=%2Fwp%2Fv2%2Ftags&post=4891"}],"curies":[{"name":"wp","href":"https:\/\/api.w.org\/{rel}","templated":true}]}}