{"id":4918,"date":"2025-12-15T16:52:56","date_gmt":"2025-12-15T16:52:56","guid":{"rendered":"https:\/\/francefinance.info\/?p=4918"},"modified":"2025-12-15T16:52:57","modified_gmt":"2025-12-15T16:52:57","slug":"le-canada-reagit-aux-tarifs-americains-sur-lacier-et-le-bois","status":"publish","type":"post","link":"https:\/\/francefinance.info\/?p=4918","title":{"rendered":"Le Canada r\u00e9agit aux tarifs am\u00e9ricains sur l\u2019acier et le bois"},"content":{"rendered":"\n<figure class=\"wp-block-image size-large\"><img fetchpriority=\"high\" decoding=\"async\" width=\"1024\" height=\"683\" src=\"https:\/\/francefinance.info\/wp-content\/uploads\/2025\/12\/shutterstock_2569499341-1024x683.jpg\" alt=\"\" class=\"wp-image-4919\" srcset=\"https:\/\/francefinance.info\/wp-content\/uploads\/2025\/12\/shutterstock_2569499341-1024x683.jpg 1024w, https:\/\/francefinance.info\/wp-content\/uploads\/2025\/12\/shutterstock_2569499341-300x200.jpg 300w, https:\/\/francefinance.info\/wp-content\/uploads\/2025\/12\/shutterstock_2569499341-768x512.jpg 768w, https:\/\/francefinance.info\/wp-content\/uploads\/2025\/12\/shutterstock_2569499341-1536x1024.jpg 1536w, https:\/\/francefinance.info\/wp-content\/uploads\/2025\/12\/shutterstock_2569499341-2048x1365.jpg 2048w\" sizes=\"(max-width: 1024px) 100vw, 1024px\" \/><\/figure>\n\n\n\n<h3 class=\"wp-block-heading\">Ottawa met en place de nouvelles mesures de soutien aux industries<\/h3>\n\n\n\n<p>Le Premier ministre canadien, Mark Carney, a annonc\u00e9 mercredi de nouvelles mesures pour soutenir les secteurs de l\u2019acier et du bois d\u2019\u0153uvre suite aux droits de douane \u00e9lev\u00e9s impos\u00e9s par les \u00c9tats-Unis. Le pr\u00e9sident am\u00e9ricain Donald Trump avait r\u00e9cemment port\u00e9 ces tarifs \u00e0 50 % sur l\u2019acier et 45 % sur le bois d\u2019\u0153uvre, marquant une nouvelle escalade dans ce long diff\u00e9rend commercial.<\/p>\n\n\n\n<p>Carney a d\u00e9clar\u00e9 que l\u2019\u00e8re d\u2019une int\u00e9gration \u00e9conomique toujours plus profonde entre les deux pays \u00e9tait termin\u00e9e. Il a soulign\u00e9 que la d\u00e9pendance du Canada au march\u00e9 am\u00e9ricain expose ses exportations les plus strat\u00e9giques \u00e0 des changements de politique soudains.<br>\u00ab L\u2019an dernier, plus de 75 % de nos exportations sont all\u00e9es aux \u00c9tats-Unis. 90 % de nos exportations de bois d\u2019\u0153uvre, 90 % de notre aluminium et 90 % de notre acier, tous destin\u00e9s \u00e0 un seul march\u00e9 \u00bb, a-t-il indiqu\u00e9. \u00ab Nous devons prot\u00e9ger nos travailleurs et nos industries les plus expos\u00e9s aux tarifs am\u00e9ricains. \u00bb<\/p>\n\n\n\n<h3 class=\"wp-block-heading\">R\u00e9duction des quotas et garanties financi\u00e8res<\/h3>\n\n\n\n<p>Parmi les mesures principales de la r\u00e9ponse d\u2019Ottawa figure la r\u00e9duction du quota d\u2019importation d\u2019acier en provenance de pays hors accord de libre-\u00e9change. La limite passera de 50 % \u00e0 20 % des niveaux de 2024, afin de renforcer les producteurs nationaux.<\/p>\n\n\n\n<p>Le gouvernement f\u00e9d\u00e9ral accordera \u00e9galement 500 millions de dollars canadiens suppl\u00e9mentaires (356 millions de dollars US) de garanties de pr\u00eat au secteur du bois d\u2019\u0153uvre. Ce soutien s\u2019accompagne d\u2019incitations destin\u00e9es \u00e0 encourager les entreprises de construction \u00e0 privil\u00e9gier les mat\u00e9riaux canadiens.<\/p>\n\n\n\n<h3 class=\"wp-block-heading\">Subventions au transport pour stimuler la demande int\u00e9rieure<\/h3>\n\n\n\n<p>\u00c0 partir du printemps prochain, le gouvernement f\u00e9d\u00e9ral subventionnera le transport ferroviaire de l\u2019acier et du bois entre provinces. Cette politique vise \u00e0 orienter le commerce vers le march\u00e9 int\u00e9rieur et \u00e0 r\u00e9duire l\u2019impact \u00e9conomique de la perte d\u2019acc\u00e8s aux acheteurs am\u00e9ricains.<br>\u00ab Nous rendrons le transport de l\u2019acier et du bois canadiens \u00e0 travers le pays plus abordable en r\u00e9duisant les tarifs de fret \u00bb, a expliqu\u00e9 Carney, reconnaissant que les co\u00fbts logistiques domestiques repr\u00e9sentent souvent un obstacle \u00e0 la comp\u00e9titivit\u00e9 interne.<\/p>\n\n\n\n<h3 class=\"wp-block-heading\">Tensions diplomatiques et perspectives de dialogue<\/h3>\n\n\n\n<p>Les relations avec Washington restent tendues. Les \u00c9tats-Unis ont interrompu les discussions commerciales apr\u00e8s la diffusion d\u2019une campagne publicitaire aux \u00c9tats-Unis critiquant la politique tarifaire, citant un discours de l\u2019ancien pr\u00e9sident Ronald Reagan, ce qui a conduit la Maison-Blanche \u00e0 se retirer du dialogue.<\/p>\n\n\n\n<p>Carney a indiqu\u00e9 qu\u2019il reste ouvert aux discussions et a confirm\u00e9 qu\u2019il pr\u00e9voit de rencontrer le pr\u00e9sident Trump lors de sa visite \u00e0 Washington le 5 d\u00e9cembre, \u00e0 l\u2019occasion du tirage au sort de la Coupe du Monde FIFA 2026. \u00ab Nous sommes pr\u00eats \u00e0 reprendre les discussions lorsque les \u00c9tats-Unis voudront les reprendre \u00bb, a-t-il d\u00e9clar\u00e9.<\/p>\n","protected":false},"excerpt":{"rendered":"<p>Ottawa met en place de nouvelles mesures de soutien aux industries Le Premier ministre canadien, Mark Carney, a annonc\u00e9 mercredi de nouvelles mesures pour soutenir les secteurs de l\u2019acier et du bois d\u2019\u0153uvre suite aux droits de douane \u00e9lev\u00e9s impos\u00e9s par les \u00c9tats-Unis. Le pr\u00e9sident am\u00e9ricain Donald Trump avait r\u00e9cemment port\u00e9 ces tarifs \u00e0 50&#8230;<\/p>\n","protected":false},"author":2,"featured_media":0,"comment_status":"closed","ping_status":"closed","sticky":false,"template":"","format":"standard","meta":{"footnotes":""},"categories":[37,36],"tags":[],"class_list":["post-4918","post","type-post","status-publish","format-standard","hentry","category-marche","category-monde"],"_links":{"self":[{"href":"https:\/\/francefinance.info\/index.php?rest_route=\/wp\/v2\/posts\/4918","targetHints":{"allow":["GET"]}}],"collection":[{"href":"https:\/\/francefinance.info\/index.php?rest_route=\/wp\/v2\/posts"}],"about":[{"href":"https:\/\/francefinance.info\/index.php?rest_route=\/wp\/v2\/types\/post"}],"author":[{"embeddable":true,"href":"https:\/\/francefinance.info\/index.php?rest_route=\/wp\/v2\/users\/2"}],"replies":[{"embeddable":true,"href":"https:\/\/francefinance.info\/index.php?rest_route=%2Fwp%2Fv2%2Fcomments&post=4918"}],"version-history":[{"count":1,"href":"https:\/\/francefinance.info\/index.php?rest_route=\/wp\/v2\/posts\/4918\/revisions"}],"predecessor-version":[{"id":4920,"href":"https:\/\/francefinance.info\/index.php?rest_route=\/wp\/v2\/posts\/4918\/revisions\/4920"}],"wp:attachment":[{"href":"https:\/\/francefinance.info\/index.php?rest_route=%2Fwp%2Fv2%2Fmedia&parent=4918"}],"wp:term":[{"taxonomy":"category","embeddable":true,"href":"https:\/\/francefinance.info\/index.php?rest_route=%2Fwp%2Fv2%2Fcategories&post=4918"},{"taxonomy":"post_tag","embeddable":true,"href":"https:\/\/francefinance.info\/index.php?rest_route=%2Fwp%2Fv2%2Ftags&post=4918"}],"curies":[{"name":"wp","href":"https:\/\/api.w.org\/{rel}","templated":true}]}}